{"id":11003,"date":"2023-11-22T09:30:53","date_gmt":"2023-11-22T08:30:53","guid":{"rendered":"https:\/\/www.cossutti.it\/?p=11003"},"modified":"2023-11-22T15:13:53","modified_gmt":"2023-11-22T14:13:53","slug":"bavaria-c46-video-giornale-della-vela","status":"publish","type":"post","link":"https:\/\/www.cossutti.it\/it\/bavaria-c46-video-giornale-della-vela\/","title":{"rendered":"Il video del Giornale della Vela a bordo del Bavaria C46"},"content":{"rendered":"<blockquote><p>Il Giornale della Vela ci porta a bordo del Bavaria C46 per un &#8220;boat tour&#8221; alla scoperta del nuovo cruiser 14m del cantiere tedesco firmato dal nostro studio e candidato all&#8217;EYOTY 2024.<\/p><\/blockquote>\n<p>Continuano a susseguirsi le recensioni e gli articoli sull&#8217;ultimo modello della C-Line Bavaria, la linea di performance cruiser che il Cantiere tedesco ha affidato al nostro studio di design. Anche il Giornale della Vela ha pubblicato un entusiasmante articolo sulle straordinarie caratteristiche di questa imbarcazione, arricchito da un interessante video recensione che ne esplora ogni dettaglio.<\/p>\n<p>La review esamina tutte le principali caratteristiche del 14m, partendo dal <strong>design, caratterizzato dalla ormai &#8220;classica&#8221; carena a V<\/strong> distintiva della gamma C-Line, alle <strong>caratteristiche di confort garantite dalla larghezza maggiorata dello scafo, che peraltro aumenta la stabilit\u00e0,<\/strong> allungano la linea di galleggiamento e migliorano le prestazioni, conferendo all&#8217;imbarcazione maggiore sensibilit\u00e0 e padronanza nelle manovre.<\/p>\n<p>Il Giornale della Vela inoltre sottolinea la versatilit\u00e0 del C46, capace di prestarsi alla navigazione in equipaggio ridotto o in famiglia, ma a veleggiare in modalit\u00e0 pi\u00f9 \u201csportiva\u201d, grazie alle differenti opzioni di configurazione. Infine d\u00e0 uno sguardo alle raffinate scelte nel design degli interni, che coniugano funzionalit\u00e0 e flessibilit\u00e0 nella scelta dei layout.<\/p>\n<p>Insomma il Bavaria C46 \u00e8 una barca che si adatta a ogni necessit\u00e0, offrendo un&#8217;esperienza di navigazione che va oltre le aspettative.<\/p>\n<p>Scopri il video a bordo del cruiser e immergiti nell&#8217;emozione di navigare sul nuovo Bavaria C46. Buona visione!<\/p>\n<h2><\/h2>\n<h2>Guarda il video del Bavaria C46 del Giornale della Vela<\/h2>\n<h2><iframe title=\"YouTube video player\" src=\"https:\/\/www.youtube.com\/embed\/q1mZzEBLl0o?si=QwL-D1vB9Q5ENom5\" width=\"560\" height=\"315\" frameborder=\"0\" allowfullscreen=\"allowfullscreen\"><\/iframe><\/h2>\n<p>&nbsp;<\/p>\n<p><a href=\"https:\/\/www.giornaledellavela.com\/2023\/10\/07\/bavaria-c46-video\/\" target=\"_blank\" rel=\"noopener\">Leggi l&#8217;articolo del Giornale della Vela<\/a>.<\/p>\n<p><a href=\"https:\/\/www.cossutti.it\/it\/portfolio-item\/bavaria-c46\/\" target=\"_blank\" rel=\"noopener\">Scopri il progetto del Bavaria C46.<\/a><\/p>\n","protected":false},"excerpt":{"rendered":"<p>Il Giornale della Vela ci porta a bordo del Bavaria C46 per un &#8220;boat tour&#8221; alla scoperta del nuovo cruiser 14m del cantiere tedesco firmato dal nostro studio e candidato all&#8217;EYOTY 2024. Continuano a susseguirsi le recensioni e gli articoli sull&#8217;ultimo modello della C-Line Bavaria,&#8230;<\/p>\n","protected":false},"author":11,"featured_media":11004,"comment_status":"closed","ping_status":"closed","sticky":false,"template":"","format":"standard","meta":{"_acf_changed":false,"ngg_post_thumbnail":0,"footnotes":""},"categories":[463,460,350,1],"tags":[515,516,517,518],"class_list":["post-11003","post","type-post","status-publish","format-standard","has-post-thumbnail","hentry","category-progetti","category-primo-piano","category-press","category-news","tag-bavariac46","tag-bavariacline","tag-sailingyacht","tag-bavariayachts-2"],"acf":[],"yoast_head":"<!-- This site is optimized with the Yoast SEO plugin v27.5 - https:\/\/yoast.com\/product\/yoast-seo-wordpress\/ -->\n<title>Bavaria C46: il video del Giornale della Vela - Cossutti-Ganz Yacht Design<\/title>\n<meta name=\"description\" content=\"Guarda il video del Giornale della Vela a bordo del Bavaria C46 e scopri il nuovo cruiser 14m del cantiere tedesco candidato all&#039;EYOTY 2024.\" \/>\n<meta name=\"robots\" content=\"index, follow, max-snippet:-1, max-image-preview:large, max-video-preview:-1\" \/>\n<link rel=\"canonical\" href=\"https:\/\/www.cossutti.it\/it\/bavaria-c46-video-giornale-della-vela\/\" \/>\n<meta property=\"og:locale\" content=\"it_IT\" \/>\n<meta property=\"og:type\" content=\"article\" \/>\n<meta property=\"og:title\" content=\"Bavaria C46: il video del Giornale della Vela - Cossutti-Ganz Yacht Design\" \/>\n<meta property=\"og:description\" content=\"Guarda il video del Giornale della Vela a bordo del Bavaria C46 e scopri il nuovo cruiser 14m del cantiere tedesco candidato all&#039;EYOTY 2024.\" \/>\n<meta property=\"og:url\" content=\"https:\/\/www.cossutti.it\/it\/bavaria-c46-video-giornale-della-vela\/\" \/>\n<meta property=\"og:site_name\" content=\"Cossutti-Ganz Yacht Design\" \/>\n<meta property=\"article:publisher\" content=\"https:\/\/www.facebook.com\/cossuttiyachtdesign\/\" \/>\n<meta property=\"article:published_time\" content=\"2023-11-22T08:30:53+00:00\" \/>\n<meta property=\"article:modified_time\" content=\"2023-11-22T14:13:53+00:00\" \/>\n<meta property=\"og:image\" content=\"https:\/\/www.cossutti.it\/wp-content\/uploads\/2023\/11\/Bavaria-C46.jpeg\" \/>\n\t<meta property=\"og:image:width\" content=\"900\" \/>\n\t<meta property=\"og:image:height\" content=\"600\" \/>\n\t<meta property=\"og:image:type\" content=\"image\/jpeg\" \/>\n<meta name=\"author\" content=\"Giulia Lepre\" \/>\n<meta name=\"twitter:card\" content=\"summary_large_image\" \/>\n<meta name=\"twitter:creator\" content=\"@cossutti_design\" \/>\n<meta name=\"twitter:site\" content=\"@cossutti_design\" \/>\n<meta name=\"twitter:label1\" content=\"Scritto da\" \/>\n\t<meta name=\"twitter:data1\" content=\"Giulia Lepre\" \/>\n\t<meta name=\"twitter:label2\" content=\"Tempo di lettura stimato\" \/>\n\t<meta name=\"twitter:data2\" content=\"2 minuti\" \/>\n<script type=\"application\/ld+json\" class=\"yoast-schema-graph\">{\"@context\":\"https:\\\/\\\/schema.org\",\"@graph\":[{\"@type\":\"Article\",\"@id\":\"https:\\\/\\\/www.cossutti.it\\\/it\\\/bavaria-c46-video-giornale-della-vela\\\/#article\",\"isPartOf\":{\"@id\":\"https:\\\/\\\/www.cossutti.it\\\/it\\\/bavaria-c46-video-giornale-della-vela\\\/\"},\"author\":{\"name\":\"Giulia Lepre\",\"@id\":\"https:\\\/\\\/www.cossutti.it\\\/it\\\/#\\\/schema\\\/person\\\/610428ea2139392cd43ae353d6850188\"},\"headline\":\"Il video del Giornale della Vela a bordo del Bavaria C46\",\"datePublished\":\"2023-11-22T08:30:53+00:00\",\"dateModified\":\"2023-11-22T14:13:53+00:00\",\"mainEntityOfPage\":{\"@id\":\"https:\\\/\\\/www.cossutti.it\\\/it\\\/bavaria-c46-video-giornale-della-vela\\\/\"},\"wordCount\":275,\"publisher\":{\"@id\":\"https:\\\/\\\/www.cossutti.it\\\/it\\\/#organization\"},\"image\":{\"@id\":\"https:\\\/\\\/www.cossutti.it\\\/it\\\/bavaria-c46-video-giornale-della-vela\\\/#primaryimage\"},\"thumbnailUrl\":\"https:\\\/\\\/www.cossutti.it\\\/wp-content\\\/uploads\\\/2023\\\/11\\\/Bavaria-C46.jpeg\",\"keywords\":[\"#BavariaC46\",\"#BavariaCLine\",\"#sailingyacht\",\"Bavariayachts\"],\"articleSection\":[\"Progetti\",\"Primo piano\",\"Press\",\"News\"],\"inLanguage\":\"it-IT\"},{\"@type\":\"WebPage\",\"@id\":\"https:\\\/\\\/www.cossutti.it\\\/it\\\/bavaria-c46-video-giornale-della-vela\\\/\",\"url\":\"https:\\\/\\\/www.cossutti.it\\\/it\\\/bavaria-c46-video-giornale-della-vela\\\/\",\"name\":\"Bavaria C46: il video del Giornale della Vela - Cossutti-Ganz Yacht Design\",\"isPartOf\":{\"@id\":\"https:\\\/\\\/www.cossutti.it\\\/it\\\/#website\"},\"primaryImageOfPage\":{\"@id\":\"https:\\\/\\\/www.cossutti.it\\\/it\\\/bavaria-c46-video-giornale-della-vela\\\/#primaryimage\"},\"image\":{\"@id\":\"https:\\\/\\\/www.cossutti.it\\\/it\\\/bavaria-c46-video-giornale-della-vela\\\/#primaryimage\"},\"thumbnailUrl\":\"https:\\\/\\\/www.cossutti.it\\\/wp-content\\\/uploads\\\/2023\\\/11\\\/Bavaria-C46.jpeg\",\"datePublished\":\"2023-11-22T08:30:53+00:00\",\"dateModified\":\"2023-11-22T14:13:53+00:00\",\"description\":\"Guarda il video del Giornale della Vela a bordo del Bavaria C46 e scopri il nuovo cruiser 14m del cantiere tedesco candidato all'EYOTY 2024.\",\"breadcrumb\":{\"@id\":\"https:\\\/\\\/www.cossutti.it\\\/it\\\/bavaria-c46-video-giornale-della-vela\\\/#breadcrumb\"},\"inLanguage\":\"it-IT\",\"potentialAction\":[{\"@type\":\"ReadAction\",\"target\":[\"https:\\\/\\\/www.cossutti.it\\\/it\\\/bavaria-c46-video-giornale-della-vela\\\/\"]}]},{\"@type\":\"ImageObject\",\"inLanguage\":\"it-IT\",\"@id\":\"https:\\\/\\\/www.cossutti.it\\\/it\\\/bavaria-c46-video-giornale-della-vela\\\/#primaryimage\",\"url\":\"https:\\\/\\\/www.cossutti.it\\\/wp-content\\\/uploads\\\/2023\\\/11\\\/Bavaria-C46.jpeg\",\"contentUrl\":\"https:\\\/\\\/www.cossutti.it\\\/wp-content\\\/uploads\\\/2023\\\/11\\\/Bavaria-C46.jpeg\",\"width\":900,\"height\":600,\"caption\":\"Bavaria C46 video Giornale della Vela\"},{\"@type\":\"BreadcrumbList\",\"@id\":\"https:\\\/\\\/www.cossutti.it\\\/it\\\/bavaria-c46-video-giornale-della-vela\\\/#breadcrumb\",\"itemListElement\":[{\"@type\":\"ListItem\",\"position\":1,\"name\":\"Home\",\"item\":\"https:\\\/\\\/www.cossutti.it\\\/it\\\/\"},{\"@type\":\"ListItem\",\"position\":2,\"name\":\"Il video del Giornale della Vela a bordo del Bavaria C46\"}]},{\"@type\":\"WebSite\",\"@id\":\"https:\\\/\\\/www.cossutti.it\\\/it\\\/#website\",\"url\":\"https:\\\/\\\/www.cossutti.it\\\/it\\\/\",\"name\":\"Cossutti-Ganz Yacht Design\",\"description\":\"Precision in Design. Excellence in Performance.\",\"publisher\":{\"@id\":\"https:\\\/\\\/www.cossutti.it\\\/it\\\/#organization\"},\"potentialAction\":[{\"@type\":\"SearchAction\",\"target\":{\"@type\":\"EntryPoint\",\"urlTemplate\":\"https:\\\/\\\/www.cossutti.it\\\/it\\\/?s={search_term_string}\"},\"query-input\":{\"@type\":\"PropertyValueSpecification\",\"valueRequired\":true,\"valueName\":\"search_term_string\"}}],\"inLanguage\":\"it-IT\"},{\"@type\":\"Organization\",\"@id\":\"https:\\\/\\\/www.cossutti.it\\\/it\\\/#organization\",\"name\":\"Cossutti Yacht Design\",\"url\":\"https:\\\/\\\/www.cossutti.it\\\/it\\\/\",\"logo\":{\"@type\":\"ImageObject\",\"inLanguage\":\"it-IT\",\"@id\":\"https:\\\/\\\/www.cossutti.it\\\/it\\\/#\\\/schema\\\/logo\\\/image\\\/\",\"url\":\"https:\\\/\\\/www.cossutti.it\\\/wp-content\\\/uploads\\\/2018\\\/04\\\/cossutti.png\",\"contentUrl\":\"https:\\\/\\\/www.cossutti.it\\\/wp-content\\\/uploads\\\/2018\\\/04\\\/cossutti.png\",\"width\":210,\"height\":91,\"caption\":\"Cossutti Yacht Design\"},\"image\":{\"@id\":\"https:\\\/\\\/www.cossutti.it\\\/it\\\/#\\\/schema\\\/logo\\\/image\\\/\"},\"sameAs\":[\"https:\\\/\\\/www.facebook.com\\\/cossuttiyachtdesign\\\/\",\"https:\\\/\\\/x.com\\\/cossutti_design\",\"https:\\\/\\\/www.instagram.com\\\/cossuttiyachtdesign\\\/\",\"https:\\\/\\\/www.linkedin.com\\\/company\\\/cossutti-yacht-design\\\/\"]},{\"@type\":\"Person\",\"@id\":\"https:\\\/\\\/www.cossutti.it\\\/it\\\/#\\\/schema\\\/person\\\/610428ea2139392cd43ae353d6850188\",\"name\":\"Giulia Lepre\",\"image\":{\"@type\":\"ImageObject\",\"inLanguage\":\"it-IT\",\"@id\":\"https:\\\/\\\/secure.gravatar.com\\\/avatar\\\/47074e0fe1db765d966bec4c933adc044514cf47ca1f8d4047370879c09ef52c?s=96&d=mm&r=g\",\"url\":\"https:\\\/\\\/secure.gravatar.com\\\/avatar\\\/47074e0fe1db765d966bec4c933adc044514cf47ca1f8d4047370879c09ef52c?s=96&d=mm&r=g\",\"contentUrl\":\"https:\\\/\\\/secure.gravatar.com\\\/avatar\\\/47074e0fe1db765d966bec4c933adc044514cf47ca1f8d4047370879c09ef52c?s=96&d=mm&r=g\",\"caption\":\"Giulia Lepre\"}}]}<\/script>\n<!-- \/ Yoast SEO plugin. -->","yoast_head_json":{"title":"Bavaria C46: il video del Giornale della Vela - Cossutti-Ganz Yacht Design","description":"Guarda il video del Giornale della Vela a bordo del Bavaria C46 e scopri il nuovo cruiser 14m del cantiere tedesco candidato all'EYOTY 2024.","robots":{"index":"index","follow":"follow","max-snippet":"max-snippet:-1","max-image-preview":"max-image-preview:large","max-video-preview":"max-video-preview:-1"},"canonical":"https:\/\/www.cossutti.it\/it\/bavaria-c46-video-giornale-della-vela\/","og_locale":"it_IT","og_type":"article","og_title":"Bavaria C46: il video del Giornale della Vela - Cossutti-Ganz Yacht Design","og_description":"Guarda il video del Giornale della Vela a bordo del Bavaria C46 e scopri il nuovo cruiser 14m del cantiere tedesco candidato all'EYOTY 2024.","og_url":"https:\/\/www.cossutti.it\/it\/bavaria-c46-video-giornale-della-vela\/","og_site_name":"Cossutti-Ganz Yacht Design","article_publisher":"https:\/\/www.facebook.com\/cossuttiyachtdesign\/","article_published_time":"2023-11-22T08:30:53+00:00","article_modified_time":"2023-11-22T14:13:53+00:00","og_image":[{"width":900,"height":600,"url":"https:\/\/www.cossutti.it\/wp-content\/uploads\/2023\/11\/Bavaria-C46.jpeg","type":"image\/jpeg"}],"author":"Giulia Lepre","twitter_card":"summary_large_image","twitter_creator":"@cossutti_design","twitter_site":"@cossutti_design","twitter_misc":{"Scritto da":"Giulia Lepre","Tempo di lettura stimato":"2 minuti"},"schema":{"@context":"https:\/\/schema.org","@graph":[{"@type":"Article","@id":"https:\/\/www.cossutti.it\/it\/bavaria-c46-video-giornale-della-vela\/#article","isPartOf":{"@id":"https:\/\/www.cossutti.it\/it\/bavaria-c46-video-giornale-della-vela\/"},"author":{"name":"Giulia Lepre","@id":"https:\/\/www.cossutti.it\/it\/#\/schema\/person\/610428ea2139392cd43ae353d6850188"},"headline":"Il video del Giornale della Vela a bordo del Bavaria C46","datePublished":"2023-11-22T08:30:53+00:00","dateModified":"2023-11-22T14:13:53+00:00","mainEntityOfPage":{"@id":"https:\/\/www.cossutti.it\/it\/bavaria-c46-video-giornale-della-vela\/"},"wordCount":275,"publisher":{"@id":"https:\/\/www.cossutti.it\/it\/#organization"},"image":{"@id":"https:\/\/www.cossutti.it\/it\/bavaria-c46-video-giornale-della-vela\/#primaryimage"},"thumbnailUrl":"https:\/\/www.cossutti.it\/wp-content\/uploads\/2023\/11\/Bavaria-C46.jpeg","keywords":["#BavariaC46","#BavariaCLine","#sailingyacht","Bavariayachts"],"articleSection":["Progetti","Primo piano","Press","News"],"inLanguage":"it-IT"},{"@type":"WebPage","@id":"https:\/\/www.cossutti.it\/it\/bavaria-c46-video-giornale-della-vela\/","url":"https:\/\/www.cossutti.it\/it\/bavaria-c46-video-giornale-della-vela\/","name":"Bavaria C46: il video del Giornale della Vela - Cossutti-Ganz Yacht Design","isPartOf":{"@id":"https:\/\/www.cossutti.it\/it\/#website"},"primaryImageOfPage":{"@id":"https:\/\/www.cossutti.it\/it\/bavaria-c46-video-giornale-della-vela\/#primaryimage"},"image":{"@id":"https:\/\/www.cossutti.it\/it\/bavaria-c46-video-giornale-della-vela\/#primaryimage"},"thumbnailUrl":"https:\/\/www.cossutti.it\/wp-content\/uploads\/2023\/11\/Bavaria-C46.jpeg","datePublished":"2023-11-22T08:30:53+00:00","dateModified":"2023-11-22T14:13:53+00:00","description":"Guarda il video del Giornale della Vela a bordo del Bavaria C46 e scopri il nuovo cruiser 14m del cantiere tedesco candidato all'EYOTY 2024.","breadcrumb":{"@id":"https:\/\/www.cossutti.it\/it\/bavaria-c46-video-giornale-della-vela\/#breadcrumb"},"inLanguage":"it-IT","potentialAction":[{"@type":"ReadAction","target":["https:\/\/www.cossutti.it\/it\/bavaria-c46-video-giornale-della-vela\/"]}]},{"@type":"ImageObject","inLanguage":"it-IT","@id":"https:\/\/www.cossutti.it\/it\/bavaria-c46-video-giornale-della-vela\/#primaryimage","url":"https:\/\/www.cossutti.it\/wp-content\/uploads\/2023\/11\/Bavaria-C46.jpeg","contentUrl":"https:\/\/www.cossutti.it\/wp-content\/uploads\/2023\/11\/Bavaria-C46.jpeg","width":900,"height":600,"caption":"Bavaria C46 video Giornale della Vela"},{"@type":"BreadcrumbList","@id":"https:\/\/www.cossutti.it\/it\/bavaria-c46-video-giornale-della-vela\/#breadcrumb","itemListElement":[{"@type":"ListItem","position":1,"name":"Home","item":"https:\/\/www.cossutti.it\/it\/"},{"@type":"ListItem","position":2,"name":"Il video del Giornale della Vela a bordo del Bavaria C46"}]},{"@type":"WebSite","@id":"https:\/\/www.cossutti.it\/it\/#website","url":"https:\/\/www.cossutti.it\/it\/","name":"Cossutti-Ganz Yacht Design","description":"Precision in Design. Excellence in Performance.","publisher":{"@id":"https:\/\/www.cossutti.it\/it\/#organization"},"potentialAction":[{"@type":"SearchAction","target":{"@type":"EntryPoint","urlTemplate":"https:\/\/www.cossutti.it\/it\/?s={search_term_string}"},"query-input":{"@type":"PropertyValueSpecification","valueRequired":true,"valueName":"search_term_string"}}],"inLanguage":"it-IT"},{"@type":"Organization","@id":"https:\/\/www.cossutti.it\/it\/#organization","name":"Cossutti Yacht Design","url":"https:\/\/www.cossutti.it\/it\/","logo":{"@type":"ImageObject","inLanguage":"it-IT","@id":"https:\/\/www.cossutti.it\/it\/#\/schema\/logo\/image\/","url":"https:\/\/www.cossutti.it\/wp-content\/uploads\/2018\/04\/cossutti.png","contentUrl":"https:\/\/www.cossutti.it\/wp-content\/uploads\/2018\/04\/cossutti.png","width":210,"height":91,"caption":"Cossutti Yacht Design"},"image":{"@id":"https:\/\/www.cossutti.it\/it\/#\/schema\/logo\/image\/"},"sameAs":["https:\/\/www.facebook.com\/cossuttiyachtdesign\/","https:\/\/x.com\/cossutti_design","https:\/\/www.instagram.com\/cossuttiyachtdesign\/","https:\/\/www.linkedin.com\/company\/cossutti-yacht-design\/"]},{"@type":"Person","@id":"https:\/\/www.cossutti.it\/it\/#\/schema\/person\/610428ea2139392cd43ae353d6850188","name":"Giulia Lepre","image":{"@type":"ImageObject","inLanguage":"it-IT","@id":"https:\/\/secure.gravatar.com\/avatar\/47074e0fe1db765d966bec4c933adc044514cf47ca1f8d4047370879c09ef52c?s=96&d=mm&r=g","url":"https:\/\/secure.gravatar.com\/avatar\/47074e0fe1db765d966bec4c933adc044514cf47ca1f8d4047370879c09ef52c?s=96&d=mm&r=g","contentUrl":"https:\/\/secure.gravatar.com\/avatar\/47074e0fe1db765d966bec4c933adc044514cf47ca1f8d4047370879c09ef52c?s=96&d=mm&r=g","caption":"Giulia Lepre"}}]}},"_links":{"self":[{"href":"https:\/\/www.cossutti.it\/it\/wp-json\/wp\/v2\/posts\/11003","targetHints":{"allow":["GET"]}}],"collection":[{"href":"https:\/\/www.cossutti.it\/it\/wp-json\/wp\/v2\/posts"}],"about":[{"href":"https:\/\/www.cossutti.it\/it\/wp-json\/wp\/v2\/types\/post"}],"author":[{"embeddable":true,"href":"https:\/\/www.cossutti.it\/it\/wp-json\/wp\/v2\/users\/11"}],"replies":[{"embeddable":true,"href":"https:\/\/www.cossutti.it\/it\/wp-json\/wp\/v2\/comments?post=11003"}],"version-history":[{"count":5,"href":"https:\/\/www.cossutti.it\/it\/wp-json\/wp\/v2\/posts\/11003\/revisions"}],"predecessor-version":[{"id":11024,"href":"https:\/\/www.cossutti.it\/it\/wp-json\/wp\/v2\/posts\/11003\/revisions\/11024"}],"wp:featuredmedia":[{"embeddable":true,"href":"https:\/\/www.cossutti.it\/it\/wp-json\/wp\/v2\/media\/11004"}],"wp:attachment":[{"href":"https:\/\/www.cossutti.it\/it\/wp-json\/wp\/v2\/media?parent=11003"}],"wp:term":[{"taxonomy":"category","embeddable":true,"href":"https:\/\/www.cossutti.it\/it\/wp-json\/wp\/v2\/categories?post=11003"},{"taxonomy":"post_tag","embeddable":true,"href":"https:\/\/www.cossutti.it\/it\/wp-json\/wp\/v2\/tags?post=11003"}],"curies":[{"name":"wp","href":"https:\/\/api.w.org\/{rel}","templated":true}]}}